{"id":66,"date":"2025-03-13T11:34:00","date_gmt":"2025-03-13T09:34:00","guid":{"rendered":"https:\/\/antti.kaariainen.info\/?p=66"},"modified":"2025-04-01T07:18:25","modified_gmt":"2025-04-01T05:18:25","slug":"ehdokkaana-kunnallisvaaleissa-helsingissa-2025","status":"publish","type":"post","link":"https:\/\/antti.kaariainen.info\/index.php\/2025\/03\/13\/ehdokkaana-kunnallisvaaleissa-helsingissa-2025\/","title":{"rendered":"Antti K\u00e4\u00e4ri\u00e4inen: \u00c4\u00e4nest\u00e4 liberaalit takaisin politiikkaan!"},"content":{"rendered":"\n<figure class=\"wp-block-image size-large is-resized\"><img loading=\"lazy\" decoding=\"async\" width=\"1024\" height=\"1024\" src=\"https:\/\/antti.kaariainen.info\/wp-content\/uploads\/2025\/03\/Kaariainen-Antti-001-rajattu-1024x1024.jpg\" alt=\"\" class=\"wp-image-72\" style=\"width:388px;height:auto\" srcset=\"https:\/\/antti.kaariainen.info\/wp-content\/uploads\/2025\/03\/Kaariainen-Antti-001-rajattu-1024x1024.jpg 1024w, https:\/\/antti.kaariainen.info\/wp-content\/uploads\/2025\/03\/Kaariainen-Antti-001-rajattu-300x300.jpg 300w, https:\/\/antti.kaariainen.info\/wp-content\/uploads\/2025\/03\/Kaariainen-Antti-001-rajattu-150x150.jpg 150w, https:\/\/antti.kaariainen.info\/wp-content\/uploads\/2025\/03\/Kaariainen-Antti-001-rajattu-768x768.jpg 768w, https:\/\/antti.kaariainen.info\/wp-content\/uploads\/2025\/03\/Kaariainen-Antti-001-rajattu-1536x1536.jpg 1536w, https:\/\/antti.kaariainen.info\/wp-content\/uploads\/2025\/03\/Kaariainen-Antti-001-rajattu.jpg 1931w\" sizes=\"auto, (max-width: 1024px) 100vw, 1024px\" \/><\/figure>\n\n\n\n<p>Oletko <strong>liberaali \u00e4\u00e4nest\u00e4j\u00e4<\/strong>, joka tuntee olonsa nyky\u00e4\u00e4n poliittisesti kodittomaksi? <\/p>\n\n\n\n<p>Kannatatko markkinataloutta, kapitalismia ja vastuullista valtiontaloutta, mutta et halua samalla flirttailla populismin tai nationalismin kanssa?<\/p>\n\n\n\n<p>Kannatatko ihmisoikeuksia, oikeusvaltiota ja liberaalin demokratian pelis\u00e4\u00e4nt\u00f6j\u00e4, mutta et halua samalla kannattaa vasemmistolaista talouspolitiikkaa? Sit\u00e4, ett\u00e4 huolestumiseen velanotosta vastataan &#8221;Valtion talous ei ole kotitalous&#8221; -tyyppisell\u00e4 latteudella, tai sit\u00e4, ett\u00e4 kaikkeen tekemiseen pit\u00e4isi saada lupa ja\/tai rahoitus julkiselta sektorilta.<\/p>\n\n\n\n<p>Kannatatko sek\u00e4 arvo- ett\u00e4 talousliberalismia, etk\u00e4 halua joutua valitsemaan jompaa kumpaa?<\/p>\n\n\n\n<p>N\u00e4iss\u00e4 vaaleissa liberaalin \u00e4\u00e4nest\u00e4j\u00e4n <strong>kannattaa \u00e4\u00e4nest\u00e4\u00e4 strategisesti.<\/strong> N\u00e4iss\u00e4 vaaleissa kannattaa antaa \u00e4\u00e4ni sille, ett\u00e4 suomalaiselle puoluekent\u00e4lle muodostetaan pieni, mutta riitt\u00e4v\u00e4n iso Liberaalipuolue, joka pakottaa Kokoomuksen, Vihre\u00e4t ja RKP:n ottamaan liberaalisiipens\u00e4 vakavasti.<\/p>\n\n\n\n<p>Tavoite on, ett\u00e4 seuraavissa vaaleissa \u00e4\u00e4nestett\u00e4v\u00e4ksi on tarjolla nykyist\u00e4 isomman Liberaalipuolueen lis\u00e4ksi <strong>nykyist\u00e4 arvoliberaalimpi Kokoomus, ja nykyist\u00e4 talousliberaalimpi Vihre\u00e4t<\/strong>.<\/p>\n\n\n\n<p>Nykyinen tilanne ei muutu odottamalla miksik\u00e4\u00e4n, koska nyky\u00e4\u00e4n Kokoomus keskittyy kilpailemaan \u00e4\u00e4nist\u00e4 Perussuomalaisten kanssa, ja Vihre\u00e4t Vasemmiston kanssa. Puolueet voivat sivuuttaa omat liberaalisiipens\u00e4, koska liberaalit poliitikot ja \u00e4\u00e4nest\u00e4j\u00e4t eiv\u00e4t karkaa mihink\u00e4\u00e4n. Siksi n\u00e4iss\u00e4 vaaleissa liberaalien \u00e4\u00e4nest\u00e4jien <strong>pit\u00e4\u00e4 n\u00e4ytt\u00e4\u00e4 rohkeasti ja selke\u00e4sti suuntaa<\/strong>, ei pelk\u00e4st\u00e4\u00e4n tyyty\u00e4 niihin vaihtoehtoihin, joihin nyt on ajauduttu.<\/p>\n\n\n\n<p>Liberaali \u00e4\u00e4nest\u00e4j\u00e4, n\u00e4iss\u00e4 vaaleissa kannattaa \u00e4\u00e4nest\u00e4\u00e4 <strong>Liberaalipuoluetta <\/strong>ja minua. Olen ehdokkaana kunnallisvaaleissa Helsingiss\u00e4 Liberaalipuolueen listalla numerolla <strong>570<\/strong>. <\/p>\n\n\n\n<figure class=\"wp-block-embed is-type-wp-embed is-provider-antti-k-ri-inen wp-block-embed-antti-k-ri-inen\"><div class=\"wp-block-embed__wrapper\">\n<blockquote class=\"wp-embedded-content\" data-secret=\"YfwJ453857\"><a href=\"https:\/\/antti.kaariainen.info\/index.php\/2025\/03\/05\/miksi-liberaali-aanestaja-tuntee-nyt-olonsa-kodittomaksi\/\">Miksi liberaali \u00e4\u00e4nest\u00e4j\u00e4 tuntee itsens\u00e4 nyt kodittomaksi?<\/a><\/blockquote><iframe loading=\"lazy\" class=\"wp-embedded-content\" sandbox=\"allow-scripts\" security=\"restricted\" style=\"position: absolute; visibility: hidden;\" title=\"&#8220;Miksi liberaali \u00e4\u00e4nest\u00e4j\u00e4 tuntee itsens\u00e4 nyt kodittomaksi?&#8221; &#8212; Antti K\u00e4\u00e4ri\u00e4inen\" src=\"https:\/\/antti.kaariainen.info\/index.php\/2025\/03\/05\/miksi-liberaali-aanestaja-tuntee-nyt-olonsa-kodittomaksi\/embed\/#?secret=x9TBDgTQaa#?secret=YfwJ453857\" data-secret=\"YfwJ453857\" width=\"500\" height=\"282\" frameborder=\"0\" marginwidth=\"0\" marginheight=\"0\" scrolling=\"no\"><\/iframe>\n<\/div><\/figure>\n\n\n\n<p>&#8212;<\/p>\n\n\n\n<p>Ennakko\u00e4\u00e4nestys ulkomailla on 2.\u20135.4.2025<br>Ennakko\u00e4\u00e4nestys Suomessa on 2.\u20138.4.2025<\/p>\n\n\n\n<p>Ja varsinainen vaalip\u00e4iv\u00e4 on sunnuntai 13.4.2025<\/p>\n\n\n\n<p>&#8212;<\/p>\n\n\n\n<p>Olen t\u00e4ytt\u00e4nyt melko ahkerasti vaalikoneita:<\/p>\n\n\n\n<p>Helsingin Sanomien vaalikone: <a href=\"https:\/\/www.vaalikone.fi\/kunta2025\/hs\/ehdokkaat\/5a66b94d-8916-4b00-be6f-96bfaf4b3402 \">https:\/\/www.vaalikone.fi\/kunta2025\/hs\/ehdokkaat\/5a66b94d-8916-4b00-be6f-96bfaf4b3402 <\/a><br>YLE:n vaalikone: <a href=\"https:\/\/vaalit.yle.fi\/vaalikone\/kuntavaalit2025\/25\/ehdokkaat\/5406?language=fi\">https:\/\/vaalit.yle.fi\/vaalikone\/kuntavaalit2025\/25\/ehdokkaat\/5406?language=fi<\/a><br>Keskisuomalaisen vaalikone: <a href=\"https:\/\/www.ksml.fi\/vaalikone\/#\/101\/kotikunta\/091\/ehdokkaat\/7059\">https:\/\/www.ksml.fi\/vaalikone\/#\/101\/kotikunta\/091\/ehdokkaat\/7059<\/a><br>MTV:n vaalikone: <a href=\"https:\/\/www.mtvuutiset.fi\/vaalikone\/101\/vaalipiiri\/297\/ehdokkaat\/6931\">https:\/\/www.mtvuutiset.fi\/vaalikone\/101\/vaalipiiri\/297\/ehdokkaat\/6931<\/a><br>Iltalehden (Almamedian) vaalikone: <a href=\"https:\/\/www.vaalikone.fi\/kunta2025\/is\/ehdokkaat\/5a66b94d-8916-4b00-be6f-96bfaf4b3402\">https:\/\/www.vaalikone.fi\/kunta2025\/is\/ehdokkaat\/5a66b94d-8916-4b00-be6f-96bfaf4b3402<\/a><br><\/p>\n\n\n\n<p><\/p>\n","protected":false},"excerpt":{"rendered":"<p>Oletko liberaali \u00e4\u00e4nest\u00e4j\u00e4, joka tuntee olonsa nyky\u00e4\u00e4n poliittisesti kodittomaksi? Kannatatko markkinataloutta, kapitalismia ja vastuullista valtiontaloutta, mutta et halua samalla flirttailla populismin tai nationalismin kanssa? Kannatatko ihmisoikeuksia, oikeusvaltiota ja liberaalin demokratian pelis\u00e4\u00e4nt\u00f6j\u00e4, mutta et halua samalla kannattaa vasemmistolaista talouspolitiikkaa? Sit\u00e4, ett\u00e4 huolestumiseen velanotosta vastataan &#8221;Valtion talous ei ole kotitalous&#8221; -tyyppisell\u00e4 latteudella, tai sit\u00e4, ett\u00e4 kaikkeen tekemiseen [&hellip;]<\/p>\n","protected":false},"author":1,"featured_media":0,"comment_status":"open","ping_status":"closed","sticky":false,"template":"","format":"standard","meta":{"_jetpack_memberships_contains_paid_content":false,"footnotes":""},"categories":[7],"tags":[],"class_list":["post-66","post","type-post","status-publish","format-standard","hentry","category-politiikka"],"jetpack_featured_media_url":"","jetpack_sharing_enabled":true,"jetpack-related-posts":[],"_links":{"self":[{"href":"https:\/\/antti.kaariainen.info\/index.php\/wp-json\/wp\/v2\/posts\/66","targetHints":{"allow":["GET"]}}],"collection":[{"href":"https:\/\/antti.kaariainen.info\/index.php\/wp-json\/wp\/v2\/posts"}],"about":[{"href":"https:\/\/antti.kaariainen.info\/index.php\/wp-json\/wp\/v2\/types\/post"}],"author":[{"embeddable":true,"href":"https:\/\/antti.kaariainen.info\/index.php\/wp-json\/wp\/v2\/users\/1"}],"replies":[{"embeddable":true,"href":"https:\/\/antti.kaariainen.info\/index.php\/wp-json\/wp\/v2\/comments?post=66"}],"version-history":[{"count":10,"href":"https:\/\/antti.kaariainen.info\/index.php\/wp-json\/wp\/v2\/posts\/66\/revisions"}],"predecessor-version":[{"id":97,"href":"https:\/\/antti.kaariainen.info\/index.php\/wp-json\/wp\/v2\/posts\/66\/revisions\/97"}],"wp:attachment":[{"href":"https:\/\/antti.kaariainen.info\/index.php\/wp-json\/wp\/v2\/media?parent=66"}],"wp:term":[{"taxonomy":"category","embeddable":true,"href":"https:\/\/antti.kaariainen.info\/index.php\/wp-json\/wp\/v2\/categories?post=66"},{"taxonomy":"post_tag","embeddable":true,"href":"https:\/\/antti.kaariainen.info\/index.php\/wp-json\/wp\/v2\/tags?post=66"}],"curies":[{"name":"wp","href":"https:\/\/api.w.org\/{rel}","templated":true}]}}