{"id":58,"date":"2025-02-28T13:33:15","date_gmt":"2025-02-28T11:33:15","guid":{"rendered":"https:\/\/antti.kaariainen.info\/?p=58"},"modified":"2025-03-31T10:26:08","modified_gmt":"2025-03-31T08:26:08","slug":"liberaalien-aanestajien-on-aika-aanestaa-strategisesti","status":"publish","type":"post","link":"https:\/\/antti.kaariainen.info\/index.php\/2025\/02\/28\/liberaalien-aanestajien-on-aika-aanestaa-strategisesti\/","title":{"rendered":"Liberaalien \u00e4\u00e4nest\u00e4jien on aika \u00e4\u00e4nest\u00e4\u00e4 strategisesti!"},"content":{"rendered":"\n<figure class=\"wp-block-image size-full\"><img loading=\"lazy\" decoding=\"async\" width=\"1024\" height=\"1024\" src=\"https:\/\/antti.kaariainen.info\/wp-content\/uploads\/2025\/02\/strateginen-aani.png\" alt=\"\" class=\"wp-image-89\" srcset=\"https:\/\/antti.kaariainen.info\/wp-content\/uploads\/2025\/02\/strateginen-aani.png 1024w, https:\/\/antti.kaariainen.info\/wp-content\/uploads\/2025\/02\/strateginen-aani-300x300.png 300w, https:\/\/antti.kaariainen.info\/wp-content\/uploads\/2025\/02\/strateginen-aani-150x150.png 150w, https:\/\/antti.kaariainen.info\/wp-content\/uploads\/2025\/02\/strateginen-aani-768x768.png 768w\" sizes=\"auto, (max-width: 1024px) 100vw, 1024px\" \/><\/figure>\n\n\n\n<p>Monissa vaaleissa \u00e4\u00e4nest\u00e4j\u00e4t \u00e4\u00e4nest\u00e4v\u00e4t taktisesti jotain muuta puoluetta kuin he oikeasti kannattavat. Ei \u00e4\u00e4nestet\u00e4 Vihreiden, Kokoomuksen tai RKP:n liberaaleja ehdokkaita vaan SDP:t\u00e4, jotta saadaan kahdesta vaihtoehdosta mieleisempi p\u00e4\u00e4ministeri, pormestari tai hallituspohja. <\/p>\n\n\n\n<p>N\u00e4iss\u00e4 vaaleissa taktinen \u00e4\u00e4nest\u00e4minen on liberaalille \u00e4\u00e4nest\u00e4j\u00e4lle liian pient\u00e4 n\u00e4pertely\u00e4. On aika \u00e4\u00e4nest\u00e4\u00e4 strategisesti. <\/p>\n\n\n\n<p>Jos haluamme pit\u00e4\u00e4 Kokoomuksen liberaalisiiven, Vihreiden liberaalisiiven ja RKP:n kaupunkiliberaalit elossa ja toimintakykyisen\u00e4, meid\u00e4n t\u00e4ytyy saada aikaan poliittiselle kent\u00e4lle liberaali kiintot\u00e4hti, riitt\u00e4v\u00e4n iso liberaalipuolue, joka saa Kokoomuksen, Vihre\u00e4t ja RKP:n huolestumaan liberaalien \u00e4\u00e4nest\u00e4jien vuotamisesta muualle.<\/p>\n\n\n\n<p>Liberaalin \u00e4\u00e4nest\u00e4j\u00e4n tavoite ei ole n\u00e4iss\u00e4 vaaleissa pelk\u00e4st\u00e4\u00e4n saada liberaaleja ehdokkaita l\u00e4pi valtuustoihin tuomaan p\u00e4\u00e4t\u00f6ksiin liberaalin n\u00e4k\u00f6kulman, vaan tavoite on strategisempi. Tavoite on muuttaa koko Suomen poliittista kent\u00e4\u00e4 siten, ett\u00e4 muut puolueet eiv\u00e4t voi en\u00e4\u00e4 sivuuttaa liberaaleja \u00e4\u00e4nest\u00e4ji\u00e4 puolueiden linjauksista p\u00e4\u00e4tett\u00e4ess\u00e4. <\/p>\n\n\n\n<figure class=\"wp-block-embed is-type-wp-embed is-provider-antti-k-ri-inen wp-block-embed-antti-k-ri-inen\"><div class=\"wp-block-embed__wrapper\">\n<blockquote class=\"wp-embedded-content\" data-secret=\"d8vezzMMQ4\"><a href=\"https:\/\/antti.kaariainen.info\/index.php\/2025\/03\/05\/miksi-liberaali-aanestaja-tuntee-nyt-olonsa-kodittomaksi\/\">Miksi liberaali \u00e4\u00e4nest\u00e4j\u00e4 tuntee itsens\u00e4 nyt kodittomaksi?<\/a><\/blockquote><iframe loading=\"lazy\" class=\"wp-embedded-content\" sandbox=\"allow-scripts\" security=\"restricted\" style=\"position: absolute; visibility: hidden;\" title=\"&#8220;Miksi liberaali \u00e4\u00e4nest\u00e4j\u00e4 tuntee itsens\u00e4 nyt kodittomaksi?&#8221; &#8212; Antti K\u00e4\u00e4ri\u00e4inen\" src=\"https:\/\/antti.kaariainen.info\/index.php\/2025\/03\/05\/miksi-liberaali-aanestaja-tuntee-nyt-olonsa-kodittomaksi\/embed\/#?secret=0Vjvyc9yN3#?secret=d8vezzMMQ4\" data-secret=\"d8vezzMMQ4\" width=\"500\" height=\"282\" frameborder=\"0\" marginwidth=\"0\" marginheight=\"0\" scrolling=\"no\"><\/iframe>\n<\/div><\/figure>\n","protected":false},"excerpt":{"rendered":"<p>Monissa vaaleissa \u00e4\u00e4nest\u00e4j\u00e4t \u00e4\u00e4nest\u00e4v\u00e4t taktisesti jotain muuta puoluetta kuin he oikeasti kannattavat. Ei \u00e4\u00e4nestet\u00e4 Vihreiden, Kokoomuksen tai RKP:n liberaaleja ehdokkaita vaan SDP:t\u00e4, jotta saadaan kahdesta vaihtoehdosta mieleisempi p\u00e4\u00e4ministeri, pormestari tai hallituspohja. N\u00e4iss\u00e4 vaaleissa taktinen \u00e4\u00e4nest\u00e4minen on liberaalille \u00e4\u00e4nest\u00e4j\u00e4lle liian pient\u00e4 n\u00e4pertely\u00e4. On aika \u00e4\u00e4nest\u00e4\u00e4 strategisesti. Jos haluamme pit\u00e4\u00e4 Kokoomuksen liberaalisiiven, Vihreiden liberaalisiiven ja RKP:n kaupunkiliberaalit [&hellip;]<\/p>\n","protected":false},"author":1,"featured_media":0,"comment_status":"open","ping_status":"closed","sticky":false,"template":"","format":"standard","meta":{"_jetpack_memberships_contains_paid_content":false,"footnotes":""},"categories":[7],"tags":[],"class_list":["post-58","post","type-post","status-publish","format-standard","hentry","category-politiikka"],"jetpack_featured_media_url":"","jetpack_sharing_enabled":true,"jetpack-related-posts":[],"_links":{"self":[{"href":"https:\/\/antti.kaariainen.info\/index.php\/wp-json\/wp\/v2\/posts\/58","targetHints":{"allow":["GET"]}}],"collection":[{"href":"https:\/\/antti.kaariainen.info\/index.php\/wp-json\/wp\/v2\/posts"}],"about":[{"href":"https:\/\/antti.kaariainen.info\/index.php\/wp-json\/wp\/v2\/types\/post"}],"author":[{"embeddable":true,"href":"https:\/\/antti.kaariainen.info\/index.php\/wp-json\/wp\/v2\/users\/1"}],"replies":[{"embeddable":true,"href":"https:\/\/antti.kaariainen.info\/index.php\/wp-json\/wp\/v2\/comments?post=58"}],"version-history":[{"count":3,"href":"https:\/\/antti.kaariainen.info\/index.php\/wp-json\/wp\/v2\/posts\/58\/revisions"}],"predecessor-version":[{"id":94,"href":"https:\/\/antti.kaariainen.info\/index.php\/wp-json\/wp\/v2\/posts\/58\/revisions\/94"}],"wp:attachment":[{"href":"https:\/\/antti.kaariainen.info\/index.php\/wp-json\/wp\/v2\/media?parent=58"}],"wp:term":[{"taxonomy":"category","embeddable":true,"href":"https:\/\/antti.kaariainen.info\/index.php\/wp-json\/wp\/v2\/categories?post=58"},{"taxonomy":"post_tag","embeddable":true,"href":"https:\/\/antti.kaariainen.info\/index.php\/wp-json\/wp\/v2\/tags?post=58"}],"curies":[{"name":"wp","href":"https:\/\/api.w.org\/{rel}","templated":true}]}}